{"id":8498,"date":"2024-06-22T15:11:40","date_gmt":"2024-06-22T13:11:40","guid":{"rendered":"https:\/\/abuelaana.com\/?p=8498"},"modified":"2024-06-22T15:11:41","modified_gmt":"2024-06-22T13:11:41","slug":"la-lana-el-abrigo-de-la-humanidad","status":"publish","type":"post","link":"https:\/\/abuelaana.com\/index.php\/2024\/06\/22\/la-lana-el-abrigo-de-la-humanidad\/","title":{"rendered":"LA LANA: EL ABRIGO DE LA HUMANIDAD"},"content":{"rendered":"<p class=\"has-text-align-center\">LA LANA: EL ABRIGO DE LA HUMANIDAD<\/p><div class=\"wp-block-image\"><figure class=\"aligncenter size-full\"><img loading=\"lazy\" decoding=\"async\" width=\"723\" height=\"398\" src=\"https:\/\/abuelaana.com\/wp-content\/uploads\/2024\/06\/ovejis.png\" alt=\"\" class=\"wp-image-8499\" srcset=\"https:\/\/abuelaana.com\/wp-content\/uploads\/2024\/06\/ovejis.png 723w, https:\/\/abuelaana.com\/wp-content\/uploads\/2024\/06\/ovejis-300x165.png 300w\" sizes=\"(max-width: 723px) 100vw, 723px\" \/><\/figure><\/div><p>Los tejidos elaborados a partir de la lana de oveja son parte de nuestra vida desde hace mucho, pero\u2026\u00bfc\u00f3mo empez\u00f3 todo?<\/p><p>Como cualquier origen perdido en la noche de los tiempos, nadie puede saber exactamente cu\u00e1ndo empez\u00f3 a usarse la lana para cubrirnos. Seguramente fue la casualidad, aderezado con una chispa de oportunidad y genialidad, lo que provoc\u00f3 uno de los hitos en la historia de la civilizaci\u00f3n.<\/p><p>Todo parece apuntar a que fue en alg\u00fan punto de Asia occidental, quiz\u00e1s en la actual Irak, donde, durante el Neol\u00edtico, &nbsp;se empez\u00f3 a usar la lana de las ovejas, hasta ese momento domesticadas s\u00f3lo por su carne o leche.<\/p><p>Los humanos aprendieron a hilar este material de lana para hacer hilo y a tejer el hilo para hacer tela, y as\u00ed naci\u00f3 el tejido de lana.<\/p><div class=\"wp-block-image\"><figure class=\"aligncenter size-full\"><img loading=\"lazy\" decoding=\"async\" width=\"412\" height=\"286\" src=\"https:\/\/abuelaana.com\/wp-content\/uploads\/2024\/06\/neoliti.png\" alt=\"\" class=\"wp-image-8500\" srcset=\"https:\/\/abuelaana.com\/wp-content\/uploads\/2024\/06\/neoliti.png 412w, https:\/\/abuelaana.com\/wp-content\/uploads\/2024\/06\/neoliti-300x208.png 300w\" sizes=\"(max-width: 412px) 100vw, 412px\" \/><\/figure><\/div><p>En esa \u00e9poca, las ovejas, domesticadas a partir del mufl\u00f3n, ten\u00edan una lana muy diferente a las actuales: Unos pelos largos y gruesos en la capa exterior para protegerlas del frio y la lluvia, cubr\u00edan una capa de lana m\u00e1s fina y suave pegada al cuerpo. Durante las generaciones posteriores, los procesos de selecci\u00f3n de los cada vez m\u00e1s avezados ganaderos, dieron lugar a razas mucho mejor adaptadas para su explotaci\u00f3n lanar.<\/p><p>Hoy en d\u00eda la selecci\u00f3n ha llegado a un punto en el que las ovejas no podr\u00edan soportar el peso de su propia lana si no fueran esquiladas una o dos veces al a\u00f1o.<\/p><p>De igual manera, las t\u00e9cnicas de esquilado y de tejedur\u00eda fueron evolucionando y moderniz\u00e1ndose. Pasamos de obtener la lana con las manos, a peines de bronce hasta llegar a las tijeras.<\/p><div class=\"wp-block-image\"><figure class=\"aligncenter size-full\"><img loading=\"lazy\" decoding=\"async\" width=\"794\" height=\"469\" src=\"https:\/\/abuelaana.com\/wp-content\/uploads\/2024\/06\/esquila.png\" alt=\"\" class=\"wp-image-8501\" srcset=\"https:\/\/abuelaana.com\/wp-content\/uploads\/2024\/06\/esquila.png 794w, https:\/\/abuelaana.com\/wp-content\/uploads\/2024\/06\/esquila-300x177.png 300w, https:\/\/abuelaana.com\/wp-content\/uploads\/2024\/06\/esquila-768x454.png 768w\" sizes=\"(max-width: 794px) 100vw, 794px\" \/><\/figure><\/div><p><\/p><p>Alrededor del 4000 a.C. las ovejas lanudas fueron introducidas en Europa desde Oriente Pr\u00f3ximo y ya en la \u00e9poca romana la lana era el principal material para vestir a toda la sociedad, junto al lino y al cuero. Por aquella \u00e9poca el algod\u00f3n de la India o la seda de extremo Oriente, eran, desde el punto de vista occidental, poco m\u00e1s que un mito pr\u00e1cticamente desconocido.<\/p><p>Salvo en el antiguo Egipto, donde la lana de oveja era considerada impura, el impacto de este material fue general hasta la \u00e9poca actual. En la biblia  encontramos cientos de referencias a la lana.<\/p><div class=\"wp-block-image\"><figure class=\"aligncenter size-full\"><img loading=\"lazy\" decoding=\"async\" width=\"333\" height=\"257\" src=\"https:\/\/abuelaana.com\/wp-content\/uploads\/2024\/06\/medio.png\" alt=\"\" class=\"wp-image-8502\" srcset=\"https:\/\/abuelaana.com\/wp-content\/uploads\/2024\/06\/medio.png 333w, https:\/\/abuelaana.com\/wp-content\/uploads\/2024\/06\/medio-300x232.png 300w\" sizes=\"(max-width: 333px) 100vw, 333px\" \/><\/figure><\/div><p>Durante la Edad Media, la lana y su comercio, se convirti\u00f3 en el principal motor econ\u00f3mico de pa\u00edses como Inglaterra, Castilla, Flandes o las regiones del centro de Italia. Los grandes bancos del Renacimiento italiano y grandes familias como los Medici basaron su potencial en el comercio textil. De igual manera, en la actual Espa\u00f1a, el reino de Castilla bas\u00f3 su preponderancia en la oveja merina, exclusiva de la meseta castellana y controlada por la Mesta, agrupaci\u00f3n de los propietarios. Puedes saber m\u00e1s sobre la oveja merina <a href=\"https:\/\/abuelaana.com\/index.php\/2023\/10\/03\/10-curiosidades-sobre-la-lana-merina\/\" class=\"ek-link\">aqu\u00ed<\/a>.<\/p><p>El impacto de la lana, abrigo del ser humano desde los albores de su civilizaci\u00f3n, empez\u00f3 a decaer en la \u00faltima mitad del siglo XX, con la aparici\u00f3n de las fibras sint\u00e9ticas, que paulatinamente han ido desplazando a la fibra natural.<\/p>","protected":false},"excerpt":{"rendered":"<p>LA LANA: EL ABRIGO DE LA HUMANIDAD Los tejidos elaborados a partir de [&hellip;]<\/p>\n","protected":false},"author":1,"featured_media":8502,"comment_status":"open","ping_status":"open","sticky":false,"template":"","format":"standard","meta":{"_editorskit_title_hidden":false,"_editorskit_reading_time":0,"_editorskit_is_block_options_detached":false,"_editorskit_block_options_position":"{}","_monsterinsights_skip_tracking":false,"_monsterinsights_sitenote_active":false,"_monsterinsights_sitenote_note":"","_monsterinsights_sitenote_category":0,"jetpack_post_was_ever_published":false,"_jetpack_newsletter_access":"","_jetpack_dont_email_post_to_subs":false,"_jetpack_newsletter_tier_id":0,"_jetpack_memberships_contains_paywalled_content":false,"_jetpack_memberships_contains_paid_content":false,"footnotes":""},"categories":[86],"tags":[155,91,101,218],"class_list":["post-8498","post","type-post","status-publish","format-standard","has-post-thumbnail","hentry","category-historia","tag-curiosidades","tag-historia","tag-lana","tag-ovejas"],"aioseo_notices":[],"jetpack_featured_media_url":"https:\/\/abuelaana.com\/wp-content\/uploads\/2024\/06\/medio.png","jetpack_sharing_enabled":true,"_links":{"self":[{"href":"https:\/\/abuelaana.com\/index.php\/wp-json\/wp\/v2\/posts\/8498"}],"collection":[{"href":"https:\/\/abuelaana.com\/index.php\/wp-json\/wp\/v2\/posts"}],"about":[{"href":"https:\/\/abuelaana.com\/index.php\/wp-json\/wp\/v2\/types\/post"}],"author":[{"embeddable":true,"href":"https:\/\/abuelaana.com\/index.php\/wp-json\/wp\/v2\/users\/1"}],"replies":[{"embeddable":true,"href":"https:\/\/abuelaana.com\/index.php\/wp-json\/wp\/v2\/comments?post=8498"}],"version-history":[{"count":1,"href":"https:\/\/abuelaana.com\/index.php\/wp-json\/wp\/v2\/posts\/8498\/revisions"}],"predecessor-version":[{"id":8503,"href":"https:\/\/abuelaana.com\/index.php\/wp-json\/wp\/v2\/posts\/8498\/revisions\/8503"}],"wp:featuredmedia":[{"embeddable":true,"href":"https:\/\/abuelaana.com\/index.php\/wp-json\/wp\/v2\/media\/8502"}],"wp:attachment":[{"href":"https:\/\/abuelaana.com\/index.php\/wp-json\/wp\/v2\/media?parent=8498"}],"wp:term":[{"taxonomy":"category","embeddable":true,"href":"https:\/\/abuelaana.com\/index.php\/wp-json\/wp\/v2\/categories?post=8498"},{"taxonomy":"post_tag","embeddable":true,"href":"https:\/\/abuelaana.com\/index.php\/wp-json\/wp\/v2\/tags?post=8498"}],"curies":[{"name":"wp","href":"https:\/\/api.w.org\/{rel}","templated":true}]}}