{"id":8740,"date":"2024-10-23T00:48:36","date_gmt":"2024-10-22T22:48:36","guid":{"rendered":"https:\/\/abuelaana.com\/?p=8740"},"modified":"2024-10-23T22:11:14","modified_gmt":"2024-10-23T20:11:14","slug":"historia-del-denim-de-nimes-a-san-francisco","status":"publish","type":"post","link":"https:\/\/abuelaana.com\/index.php\/2024\/10\/23\/historia-del-denim-de-nimes-a-san-francisco\/","title":{"rendered":"Historia del Denim: De Nimes a San Francisco"},"content":{"rendered":"<p style=\"font-size:25px\">\u00bfConoces las bandoleras Eva creadas por AbuelaAna con hilo DMC Denim?<\/p><div class=\"wp-block-image\"><figure class=\"aligncenter size-full is-resized\"><img loading=\"lazy\" decoding=\"async\" width=\"366\" height=\"406\" src=\"https:\/\/abuelaana.com\/wp-content\/uploads\/2024\/10\/image-5.png\" alt=\"\" class=\"wp-image-8746\" style=\"width:320px;height:auto\" srcset=\"https:\/\/abuelaana.com\/wp-content\/uploads\/2024\/10\/image-5.png 366w, https:\/\/abuelaana.com\/wp-content\/uploads\/2024\/10\/image-5-270x300.png 270w\" sizes=\"(max-width: 366px) 100vw, 366px\" \/><\/figure><\/div><p style=\"font-size:25px\">Este efecto vaquero consigue un acabado muy original y vintage, tipo jeans. Y como personas inquietas y curiosas, tambi\u00e9n nos lleva a preguntarnos&#8230; \u00bfC\u00f3mo se origin\u00f3 este tipo de tejido? \u00bfPor qu\u00e9 se llama as\u00ed?.  \u00a1Contin\u00faa leyendo!<\/p><h2 class=\"wp-block-heading\">LEVI&#8217;S STRAUSS. El nacimiento de la prenda m\u00e1s ic\u00f3nica.<\/h2><p style=\"font-size:25px\">La historia de los pantalones vaqueros, probablemente la prenda m\u00e1s universal y usada en todo el mundo desde la revoluci\u00f3n industrial, surgi\u00f3 de la uni\u00f3n de un let\u00f3n, J\u0101kobs Jufess, y un alem\u00e1n, L\u00f6b Strau\u00df.<\/p><p style=\"font-size:25px\">Como muchos de los nuevos inmigrantes llegados a Estados Unidos en el siglo XIX, cambiaron sus nombres al poco de pisar tierra: Jacob Davis y Levi Strauss.<\/p><p style=\"font-size:25px\">Levi Strauss, comerciante nacido en la regi\u00f3n alemana de Bavaria, lleg\u00f3 a la ciudad de Nueva York a los 17 a\u00f1os para participar en la empresa fundada por sus hermanos, <strong>J Strauss Brother &amp; Co<\/strong>. Se mud\u00f3 a San Francisco en 1853, para abrir una sucursal del negocio mayorista familiar, aprovechando la oportunidad que el apogeo de la fiebre del oro representaba:  Vend\u00eda ropa, botas y otros art\u00edculos a las peque\u00f1as tiendas del oeste americano.  Entre los muchos productos que vend\u00eda, estaba un resistente tejido de algod\u00f3n importado, el denim.<\/p><div class=\"wp-block-image\"><figure class=\"aligncenter size-full is-resized\"><img loading=\"lazy\" decoding=\"async\" width=\"700\" height=\"700\" src=\"https:\/\/abuelaana.com\/wp-content\/uploads\/2024\/10\/image.png\" alt=\"\" class=\"wp-image-8741\" style=\"width:332px;height:auto\" srcset=\"https:\/\/abuelaana.com\/wp-content\/uploads\/2024\/10\/image.png 700w, https:\/\/abuelaana.com\/wp-content\/uploads\/2024\/10\/image-100x100.png 100w, https:\/\/abuelaana.com\/wp-content\/uploads\/2024\/10\/image-300x300.png 300w, https:\/\/abuelaana.com\/wp-content\/uploads\/2024\/10\/image-150x150.png 150w, https:\/\/abuelaana.com\/wp-content\/uploads\/2024\/10\/image-600x600.png 600w\" sizes=\"(max-width: 700px) 100vw, 700px\" \/><\/figure><\/div><p style=\"font-size:25px\">Jacob Davis, un sastre de Reno, Nevada, nacido en Letonia, era un cliente de Strauss (en la imagen), al que compraba tela vaquera de Levi&#8217;s para su negocio, donde produc\u00eda art\u00edculos resistentes como tiendas de campa\u00f1a, mantas para caballos y fundas para carros. Una empresa minera de oro le encarg\u00f3 que creara pantalones que fueran resistentes y pudieran soportar el trabajo duro.<\/p><p style=\"font-size:25px\"> Tuvo\u00a0la corazonada\u00a0de que si tomaba un pedazo de peque\u00f1o remache de metal y lo pon\u00eda en los puntos de tensi\u00f3n de unos pantalones creados con el duro tejido que adquir\u00eda a Levi, justo alrededor del \u00e1rea del bolsillo, podr\u00eda crear una prenda s\u00faper resistente y muy duradera.<\/p><p style=\"font-size:25px\"> Los pantalones fueron tan bien recibidos que comenz\u00f3 a correr la voz y recibi\u00f3 tantas solicitudes que decidi\u00f3 escribirle a su proveedor de telas, Levi Strauss en San Francisco y preguntarle si estaba interesado en obtener una patente.<\/p><p style=\"font-size:25px\">Strauss, fiel representante de la personalidad oportunista y pr\u00e1ctica que marcar\u00eda la evoluci\u00f3n del joven pa\u00eds donde viv\u00eda, aprovech\u00f3 la oportunidad, invit\u00f3 a Jacob Davis a mudarse a San Francisco, y juntos manufacturaron los primeros jeans del mundo.<\/p><p style=\"font-size:25px\">Juntos crearon y patentaron esta ropa de trabajo reforzada con remaches de cobre, fabricada con tela vaquera original azul. El 20 de mayo de 1873, el Registro de Marcas y Patentes de los EE.UU. otorga la patente n\u00fam. 139.121 a Levi Strauss &amp; Co. y Jacob Davis por su invento, el remache met\u00e1lico. As\u00ed es como nacieron los vaqueros o \u00abblue jeans\u00bb, inicialmente denominados \u201cXX\u201d.<\/p><p style=\"font-size:25px\">En 1886, dise\u00f1aron el logo: dos caballos que tiran de un pantal\u00f3n para intentar romperlo. A\u00f1adieron su distintivo&nbsp;Arcuate, las puntadas en forma de arco en los bolsillos traseros. Finalmente&nbsp;en 1936 introdujeron las etiquetas rojas con la marca.<\/p><div class=\"wp-block-image\"><figure class=\"aligncenter size-full is-resized\"><img loading=\"lazy\" decoding=\"async\" width=\"990\" height=\"556\" src=\"https:\/\/abuelaana.com\/wp-content\/uploads\/2024\/10\/image-3.png\" alt=\"\" class=\"wp-image-8744\" style=\"width:304px;height:auto\" srcset=\"https:\/\/abuelaana.com\/wp-content\/uploads\/2024\/10\/image-3.png 990w, https:\/\/abuelaana.com\/wp-content\/uploads\/2024\/10\/image-3-812x456.png 812w, https:\/\/abuelaana.com\/wp-content\/uploads\/2024\/10\/image-3-300x168.png 300w, https:\/\/abuelaana.com\/wp-content\/uploads\/2024\/10\/image-3-768x431.png 768w\" sizes=\"(max-width: 990px) 100vw, 990px\" \/><\/figure><\/div><h2 class=\"wp-block-heading\">\u00bfPOR QU\u00c9 TUVIERON TANTO \u00c9XITO ESTOS PANTALONES?<\/h2><p style=\"font-size:25px\">La mezclilla original era te\u00f1ida con tinte de la planta&nbsp;<em>Indigofera tinctoria<\/em>.<\/p><p style=\"font-size:25px\">A diferencia de la mayor\u00eda de los tintes naturales que, en altas temperaturas, penetran las fibras de la tela directamente,&nbsp;<strong>el \u00edndigo se&nbsp;adhiere s\u00f3lo al exterior<\/strong>.<\/p><p style=\"font-size:25px\">Al lavar la \u00e1spera mezclilla, algunas de estas mol\u00e9culas de tinte se eliminan, llev\u00e1ndose cantidades min\u00fasculas de los hilos con ellas, pero como el material es tan fuerte, perder algunas fibras no es muy grave. De hecho, lo mejora, pues&nbsp;<strong>cuanto m\u00e1s&nbsp;lo lavas,&nbsp;m\u00e1s suave queda<\/strong>.<\/p><div class=\"wp-block-image\"><figure class=\"aligncenter size-full is-resized\"><img loading=\"lazy\" decoding=\"async\" width=\"314\" height=\"400\" src=\"https:\/\/abuelaana.com\/wp-content\/uploads\/2024\/10\/image-2.png\" alt=\"\" class=\"wp-image-8743\" style=\"width:207px;height:auto\" srcset=\"https:\/\/abuelaana.com\/wp-content\/uploads\/2024\/10\/image-2.png 314w, https:\/\/abuelaana.com\/wp-content\/uploads\/2024\/10\/image-2-236x300.png 236w\" sizes=\"(max-width: 314px) 100vw, 314px\" \/><\/figure><\/div><p style=\"font-size:25px\">Para los trabajadores, una prenda lo suficientemente resistente para soportar arduas labores que se volv\u00edan m\u00e1s c\u00f3modos pero no delicados, era ideal.<\/p><p style=\"font-size:25px\">Esa cualidad de adaptarse al cuerpo de cada persona, convirti\u00e9ndose en una segunda piel que se desgasta con el paso de la vida, los hizo&nbsp;<strong>omnipresentes<\/strong>.<\/p><p style=\"font-size:25px\">Strauss falleci\u00f3 en 1902. Sus cuatro nietos continuaron con su legado y actualmente&nbsp;los herederos del fundador est\u00e1n representados por la familia Haas.<\/p><p style=\"font-size:25px\">No fue hasta despu\u00e9s del siglo XIX cuando empezaron a aparecer competidores en el mercado del denim: Wrangler (1905) y Lee (1911).<\/p><div class=\"wp-block-image\"><figure class=\"aligncenter size-full is-resized\"><img loading=\"lazy\" decoding=\"async\" width=\"700\" height=\"603\" src=\"https:\/\/abuelaana.com\/wp-content\/uploads\/2024\/10\/image-1.png\" alt=\"\" class=\"wp-image-8742\" style=\"width:419px;height:auto\" srcset=\"https:\/\/abuelaana.com\/wp-content\/uploads\/2024\/10\/image-1.png 700w, https:\/\/abuelaana.com\/wp-content\/uploads\/2024\/10\/image-1-300x258.png 300w\" sizes=\"(max-width: 700px) 100vw, 700px\" \/><\/figure><\/div><h2 class=\"wp-block-heading\">JEANS Y DENIM<\/h2><p style=\"font-size:25px\">Pero, \u00bfde d\u00f3nde provienen los t\u00e9rminos de \u00abJeans\u00bb y \u00abDenim\u00bb?<\/p><p style=\"font-size:25px\">Francia, sobre el a\u00f1o 1560. Los tejedores de Nimes estaban intentando replicar un tejido de algod\u00f3n resistente conocido como &#8216;<em>jean fustian<\/em>&#8216;, una tela medieval robusta de algod\u00f3n y lino hecha en G\u00e9nova desde el siglo XII, utilizada por los marinos italianos que desembarcaban en esa ciudad, y que se escrib\u00eda Gene o Genes y que se conoc\u00eda a mediados del siglo XVI en Francia, como <em><strong>Jean<\/strong><\/em>.<\/p><div class=\"wp-block-image\"><figure class=\"aligncenter size-full is-resized\"><img loading=\"lazy\" decoding=\"async\" width=\"862\" height=\"721\" src=\"https:\/\/abuelaana.com\/wp-content\/uploads\/2024\/10\/image-4.png\" alt=\"\" class=\"wp-image-8745\" style=\"width:433px;height:auto\" srcset=\"https:\/\/abuelaana.com\/wp-content\/uploads\/2024\/10\/image-4.png 862w, https:\/\/abuelaana.com\/wp-content\/uploads\/2024\/10\/image-4-812x679.png 812w, https:\/\/abuelaana.com\/wp-content\/uploads\/2024\/10\/image-4-300x251.png 300w, https:\/\/abuelaana.com\/wp-content\/uploads\/2024\/10\/image-4-768x642.png 768w\" sizes=\"(max-width: 862px) 100vw, 862px\" \/><\/figure><\/div><p style=\"font-size:25px\">Aunque fallaron, se dieron cuenta de que hab\u00edan desarrollado un tejido \u00fanico y resistente como ning\u00fan otro.<\/p><p style=\"font-size:25px\">Era una sarga de algod\u00f3n trenzado que fabricaban pasando la trama por debajo de los hilos de la urdimbre (los que se colocan en el telar paralelamente para formar una tela).<\/p><p style=\"font-size:25px\">Usaban \u00edndigo, uno de los tintes m\u00e1s antiguos, para te\u00f1ir de azul los hilos de la urdimbre, pero dejaban los hilos de la trama con su color blanco natural. El proceso le daba a la tela un color azul \u00fanico en un lado y blanco en el otro.<\/p><p style=\"font-size:25px\">As\u00ed la industria textil local de la ciudad francesa desarroll\u00f3, entre los siglos XV y XVI un nuevo tejido m\u00e1s suave y flexible, que ha pasado al espa\u00f1ol como \u00absarga\u00bb.. Al principio de lana y luego de algod\u00f3n, generalmente te\u00f1ido de azul. Tejido conocido como \u00abde Nimes\u00bb o simplemente como \u00abde-nim\u00bb o \u00abdenim\u00bb<\/p><p style=\"font-size:25px\">Comenz\u00f3 a exportarse a EE. UU. para la confecci\u00f3n de las lonas de las carretas y las velas de los barcos; as\u00ed como para las prendas de la mariner\u00eda.<\/p><h2 class=\"wp-block-heading\">IMPACTO DE LOS JEANS EN LA HISTORIA<\/h2><p style=\"font-size:25px\">A principios del siglo XX, el denim se adopt\u00f3 como la\u00a0opci\u00f3n preferida de tela\u00a0para la ropa de trabajo de los vaqueros, mineros y granjeros del oeste de Estados Unidos. No solo era una tela barata, sino que el denim era m\u00e1s duradero y resistente que otras alternativas, tradicionalmente fabricadas con algod\u00f3n, lino y lana. Despu\u00e9s de que Levi&#8217;s &amp; Strauss patentara los remaches de metal para hacerlos m\u00e1s resistentes, comenzaron a producir los ic\u00f3nicos pantalones de denim azul que se convirtieron en una caracter\u00edstica com\u00fan entre los hombres trabajadores.<\/p><div class=\"wp-block-image\"><figure class=\"aligncenter size-large is-resized\"><img loading=\"lazy\" decoding=\"async\" width=\"1024\" height=\"609\" src=\"https:\/\/abuelaana.com\/wp-content\/uploads\/2024\/10\/image-6-1024x609.png\" alt=\"\" class=\"wp-image-8762\" style=\"width:472px;height:auto\" srcset=\"https:\/\/abuelaana.com\/wp-content\/uploads\/2024\/10\/image-6-1024x609.png 1024w, https:\/\/abuelaana.com\/wp-content\/uploads\/2024\/10\/image-6-812x483.png 812w, https:\/\/abuelaana.com\/wp-content\/uploads\/2024\/10\/image-6-300x179.png 300w, https:\/\/abuelaana.com\/wp-content\/uploads\/2024\/10\/image-6-768x457.png 768w, https:\/\/abuelaana.com\/wp-content\/uploads\/2024\/10\/image-6.png 1052w\" sizes=\"(max-width: 1024px) 100vw, 1024px\" \/><\/figure><\/div><p style=\"font-size:25px\">Los jeans modernos comenzaron a aparecer en la d\u00e9cada de 1920, pero las ventas se limitaban en gran medida a la clase trabajadora del oeste de los Estados Unidos, como los vaqueros, los le\u00f1adores y los trabajadores del ferrocarril. Se cree que los jeans Levi&#8217;s se introdujeron por primera vez en el Este durante la locura\u00a0<a href=\"https:\/\/translate.google.com\/website?sl=en&amp;tl=es&amp;hl=es&amp;client=rq&amp;u=https:\/\/en.wikipedia.org\/wiki\/Dude_ranch\">de los ranchos tur\u00edsticos<\/a>\u00a0de la d\u00e9cada de 1930.<\/p><p style=\"font-size:25px\">Otro cap\u00edtulo se desarroll\u00f3 durante la Segunda Guerra Mundial, cuando los jeans azules fueron declarados un producto \u00abesencial\u00bb y se vendieron s\u00f3lo a quienes realizaban trabajos de defensa o militares.<\/p><p style=\"font-size:25px\" class=\"has-mobile-text-align-center\">En la d\u00e9cada de 1940, los soldados estadounidenses llevaron consigo sus pantalones vaqueros a ultramar. Aunque la producci\u00f3n de ropa de trabajo de mezclilla (o monos de cintura alta, como se los conoc\u00eda en ese momento) disminuy\u00f3 debido a la escasez, el final de la guerra marc\u00f3 un cambio en su percepci\u00f3n. Los pantalones vaqueros de mezclilla dejaron de asociarse con la ropa de trabajo y pasaron a estar m\u00e1s estrechamente vinculados con la ropa de ocio.<\/p><p style=\"font-size:25px\">Pero ya <strong>fue en la d\u00e9cada de los 50 cuando se produce la verdadera popularizaci\u00f3n<\/strong> de esta prenda: Las cremalleras se incorporaron por primera vez en 1954 y la generaci\u00f3n m\u00e1s joven comenz\u00f3 a usar pantalones de denim como ropa informal. A medida que m\u00e1s y m\u00e1s personas comenzaron a usar denim, comenzaron a referirse a ellos como \u00abjeans\u00bb en lugar de overoles de denim. Las estrellas de cine como Marilyn Monroe reinventaron el denim jean como un estilo empoderador y sexualizado.<\/p><p style=\"font-size:25px\">James Dean y Marlon Brando redefinieron para siempre el humilde vaquero con sus papeles en pel\u00edculas de culto como \u00abEl salvaje\u00bb y \u00abRebelde sin causa\u00bb, siendo el modelo ic\u00f3nico a imitar por miles de j\u00f3venes. Culturalmente, los vaqueros se convirtieron en un s\u00edmbolo de la rebeli\u00f3n juvenil durante los a\u00f1os 50 y 60, cuando los estudiantes universitarios comenzaron a usarlos como protesta contra la guerra de Vietnam y la formalidad del sistema. Muchas escuelas de EE. UU. prohibieran su uso. Parec\u00eda que nada podr\u00eda frenar la popularidad de los vaqueros, como cit\u00f3 un peri\u00f3dico:\u00a0<em>\u00abEl 90% de los j\u00f3venes estadounidenses usan vaqueros en todas partes, excepto en la cama o en la iglesia\u00bb.<\/em><\/p><div class=\"wp-block-image\"><figure class=\"aligncenter size-large is-resized\"><img loading=\"lazy\" decoding=\"async\" width=\"1024\" height=\"609\" src=\"https:\/\/abuelaana.com\/wp-content\/uploads\/2024\/10\/image-8-1024x609.png\" alt=\"\" class=\"wp-image-8764\" style=\"width:679px;height:auto\" srcset=\"https:\/\/abuelaana.com\/wp-content\/uploads\/2024\/10\/image-8-1024x609.png 1024w, https:\/\/abuelaana.com\/wp-content\/uploads\/2024\/10\/image-8-812x483.png 812w, https:\/\/abuelaana.com\/wp-content\/uploads\/2024\/10\/image-8-300x179.png 300w, https:\/\/abuelaana.com\/wp-content\/uploads\/2024\/10\/image-8-768x457.png 768w, https:\/\/abuelaana.com\/wp-content\/uploads\/2024\/10\/image-8.png 1052w\" sizes=\"(max-width: 1024px) 100vw, 1024px\" \/><\/figure><\/div><p style=\"font-size:25px\">Otros pa\u00edses tambi\u00e9n empezaron a acostumbrarse r\u00e1pidamente a llevar vaqueros. Los militares estadounidenses que estaban de servicio en Europa y Jap\u00f3n sol\u00edan llevarlos cuando no estaban de servicio para demostrar que eran estadounidenses. El vaquero se convirti\u00f3 en un&nbsp;<a href=\"https:\/\/translate.google.com\/website?sl=en&amp;tl=es&amp;hl=es&amp;client=rq&amp;u=https:\/\/www.racked.com\/2015\/2\/27\/8116465\/the-complete-history-of-blue-jeans-from-miners-to-marilyn-monroe\">s\u00edmbolo cultural<\/a>&nbsp;. Los pantalones mostraban al mundo una forma de vida m\u00e1s feliz, algo que la gente necesitaba, especialmente despu\u00e9s de lo que hab\u00edan soportado durante la Segunda Guerra Mundial.<\/p><p style=\"font-size:25px\">Posteriormente vendr\u00eda la revoluci\u00f3n hippie, donde tambi\u00e9n desempe\u00f1aron un papel importante, pasando a todos los entornos sociales en los 70, los grupos de rock o dise\u00f1adores de moda en los 80.<\/p><p style=\"font-size:25px\">De G\u00e9nova a Nimes, de San Francisco al mundo, los jeans vaqueros se han convertido en uno de los mayores iconos en la moda, una declaraci\u00f3n eterna de rebeld\u00eda y estilo.<\/p>","protected":false},"excerpt":{"rendered":"<p>\u00bfConoces las bandoleras Eva creadas por AbuelaAna con hilo DMC Denim? Este efecto [&hellip;]<\/p>\n","protected":false},"author":1,"featured_media":8744,"comment_status":"closed","ping_status":"open","sticky":false,"template":"","format":"standard","meta":{"_editorskit_title_hidden":false,"_editorskit_reading_time":0,"_editorskit_is_block_options_detached":false,"_editorskit_block_options_position":"{}","_monsterinsights_skip_tracking":false,"_monsterinsights_sitenote_active":false,"_monsterinsights_sitenote_note":"","_monsterinsights_sitenote_category":0,"jetpack_post_was_ever_published":false,"_jetpack_newsletter_access":"","_jetpack_dont_email_post_to_subs":false,"_jetpack_newsletter_tier_id":0,"_jetpack_memberships_contains_paywalled_content":false,"_jetpack_memberships_contains_paid_content":false,"footnotes":""},"categories":[1],"tags":[],"class_list":["post-8740","post","type-post","status-publish","format-standard","has-post-thumbnail","hentry","category-blog"],"aioseo_notices":[],"jetpack_featured_media_url":"https:\/\/abuelaana.com\/wp-content\/uploads\/2024\/10\/image-3.png","jetpack_sharing_enabled":true,"_links":{"self":[{"href":"https:\/\/abuelaana.com\/index.php\/wp-json\/wp\/v2\/posts\/8740"}],"collection":[{"href":"https:\/\/abuelaana.com\/index.php\/wp-json\/wp\/v2\/posts"}],"about":[{"href":"https:\/\/abuelaana.com\/index.php\/wp-json\/wp\/v2\/types\/post"}],"author":[{"embeddable":true,"href":"https:\/\/abuelaana.com\/index.php\/wp-json\/wp\/v2\/users\/1"}],"replies":[{"embeddable":true,"href":"https:\/\/abuelaana.com\/index.php\/wp-json\/wp\/v2\/comments?post=8740"}],"version-history":[{"count":6,"href":"https:\/\/abuelaana.com\/index.php\/wp-json\/wp\/v2\/posts\/8740\/revisions"}],"predecessor-version":[{"id":8771,"href":"https:\/\/abuelaana.com\/index.php\/wp-json\/wp\/v2\/posts\/8740\/revisions\/8771"}],"wp:featuredmedia":[{"embeddable":true,"href":"https:\/\/abuelaana.com\/index.php\/wp-json\/wp\/v2\/media\/8744"}],"wp:attachment":[{"href":"https:\/\/abuelaana.com\/index.php\/wp-json\/wp\/v2\/media?parent=8740"}],"wp:term":[{"taxonomy":"category","embeddable":true,"href":"https:\/\/abuelaana.com\/index.php\/wp-json\/wp\/v2\/categories?post=8740"},{"taxonomy":"post_tag","embeddable":true,"href":"https:\/\/abuelaana.com\/index.php\/wp-json\/wp\/v2\/tags?post=8740"}],"curies":[{"name":"wp","href":"https:\/\/api.w.org\/{rel}","templated":true}]}}